{"id":12918,"date":"2023-02-08T19:51:51","date_gmt":"2023-02-08T19:51:51","guid":{"rendered":"https:\/\/mvc-stammheim.de\/?p=12918"},"modified":"2023-04-17T19:54:42","modified_gmt":"2023-04-17T19:54:42","slug":"rueckschau-hauptversammlung","status":"publish","type":"post","link":"https:\/\/mvc-stammheim.de\/?p=12918","title":{"rendered":"R\u00fcckschau Hauptversammlung"},"content":{"rendered":"\n<p>Am vergangenen Samstag trafen sich die Mitglieder des MVC zur ordentlichen Hauptversammlung im Clubheim. W\u00e4hrend der Coronazeit konnte keine Hauptversammlung stattfinden, sodass die Vereinsjahre 2021 und 2022 zusammen besprochen wurden.<\/p>\n\n\n\n<p>Der erste Vorsitzende, Martin Gerstenlauer, blickte auf zwei ereignisreiche Jahre beim MVC zur\u00fcck. In 2021 konnten zwar keine Ausfahrten und Veranstaltungen stattfinden, dennoch war der MVC sehr flei\u00dfig: die ganze Energie der Mitglieder und der Vereinsleitung flo\u00df in den Neubau des Clubheims, der trotz allen Widrigkeiten nach Plan verlaufen ist. Im Fr\u00fchjahr 2022 konnte der Neubau abgeschlossen werden, was im Juni mit einer tollen Er\u00f6ffnungsparty gefeiert wurde. Ausfahrten waren in 2022 endlich wieder m\u00f6glich und der MVC f\u00fchrte sch\u00f6ne Touren im Schwarzwald, in der Pfalz und im Allg\u00e4u durch. Die Anzahl der Mitglieder ist angestiegen und der zweite Vorsitzende, Alexander Koch, freute sich \u00fcber den h\u00f6chsten Mitgliedsstand seit der Vereinsgr\u00fcndung 2006.<\/p>\n\n\n\n<p>Aufgrund des Bauprojekts ist der Kassenstand in beiden Jahren deutlich gesunken. Dennoch blickte Kassierer Martin W\u00f6rner mit Stolz zur\u00fcck: der Neubau wurde komplett mit Eigenmitteln finanziert. Der \u00f6ffentliche Stammtisch am Dienstagabend hat sich zur Freude des Kassierers wieder etabliert und wird auch gut angenommen.<\/p>\n\n\n\n<p>Der gesamte Vorstand des MVC stellte sich zur Wiederwahl bis auf den Posten des Werkstattleiters, der neu besetzt werden musste. Erster Vorsitzender bleibt Martin Gerstenlauer mit Alexander Koch als seinem Stellvertreter. Martin W\u00f6rner betreut weiterhin die Kasse. Auch Boris Binder als Leiter Vereinsheim und Marco Bodio als Schriftf\u00fchrer bleiben dem Vorstand erhalten. Zur neuen Werkstattleiterin wurde Nina W\u00f6rner gew\u00e4hlt, die mit gro\u00dfem Applaus im Amt begr\u00fc\u00dft wurde. Martin Gerstenlauer freute sich \u00fcber die erste Frau in dieser Funktion seit der Vereinsgr\u00fcndung. Ebenso dankte er dem bisherigen Amtsinhaber Jens Ackermann f\u00fcr sein tatkr\u00e4ftiges Engagement.<\/p>\n\n\n\n<figure class=\"wp-block-image\"><img data-recalc-dims=\"1\" decoding=\"async\" src=\"https:\/\/i0.wp.com\/lmmsmedia01.blob.core.windows.net\/contenthub\/images\/44615540_230207123524182413-AS_Vorstand-neu.jpg?w=840&#038;ssl=1\" alt=\"\"\/><\/figure>\n","protected":false},"excerpt":{"rendered":"<p>Am vergangenen Samstag trafen sich die Mitglieder des MVC zur ordentlichen Hauptversammlung im Clubheim. W\u00e4hrend der Coronazeit konnte keine Hauptversammlung stattfinden, sodass die Vereinsjahre 2021 und 2022 zusammen besprochen wurden. &hellip; <a href=\"https:\/\/mvc-stammheim.de\/?p=12918\" class=\"more-link\"><span class=\"screen-reader-text\">\u201eR\u00fcckschau Hauptversammlung\u201c<\/span> weiterlesen<\/a><\/p>\n","protected":false},"author":1,"featured_media":0,"comment_status":"open","ping_status":"closed","sticky":false,"template":"","format":"standard","meta":{"ngg_post_thumbnail":0,"_price":"","_stock":"","_tribe_ticket_header":"","_tribe_default_ticket_provider":"","_ticket_start_date":"","_ticket_end_date":"","_tribe_ticket_show_description":"","_tribe_ticket_show_not_going":false,"_tribe_ticket_use_global_stock":"","_tribe_ticket_global_stock_level":"","_global_stock_mode":"","_global_stock_cap":"","_tribe_rsvp_for_event":"","_tribe_ticket_going_count":"","_tribe_ticket_not_going_count":"","_tribe_tickets_list":"[]","_tribe_ticket_has_attendee_info_fields":false,"_jetpack_memberships_contains_paid_content":false,"footnotes":""},"categories":[1],"tags":[],"class_list":["post-12918","post","type-post","status-publish","format-standard","hentry","category-dies-das"],"jetpack_featured_media_url":"","jetpack_sharing_enabled":true,"_links":{"self":[{"href":"https:\/\/mvc-stammheim.de\/index.php?rest_route=\/wp\/v2\/posts\/12918","targetHints":{"allow":["GET"]}}],"collection":[{"href":"https:\/\/mvc-stammheim.de\/index.php?rest_route=\/wp\/v2\/posts"}],"about":[{"href":"https:\/\/mvc-stammheim.de\/index.php?rest_route=\/wp\/v2\/types\/post"}],"author":[{"embeddable":true,"href":"https:\/\/mvc-stammheim.de\/index.php?rest_route=\/wp\/v2\/users\/1"}],"replies":[{"embeddable":true,"href":"https:\/\/mvc-stammheim.de\/index.php?rest_route=%2Fwp%2Fv2%2Fcomments&post=12918"}],"version-history":[{"count":1,"href":"https:\/\/mvc-stammheim.de\/index.php?rest_route=\/wp\/v2\/posts\/12918\/revisions"}],"predecessor-version":[{"id":12919,"href":"https:\/\/mvc-stammheim.de\/index.php?rest_route=\/wp\/v2\/posts\/12918\/revisions\/12919"}],"wp:attachment":[{"href":"https:\/\/mvc-stammheim.de\/index.php?rest_route=%2Fwp%2Fv2%2Fmedia&parent=12918"}],"wp:term":[{"taxonomy":"category","embeddable":true,"href":"https:\/\/mvc-stammheim.de\/index.php?rest_route=%2Fwp%2Fv2%2Fcategories&post=12918"},{"taxonomy":"post_tag","embeddable":true,"href":"https:\/\/mvc-stammheim.de\/index.php?rest_route=%2Fwp%2Fv2%2Ftags&post=12918"}],"curies":[{"name":"wp","href":"https:\/\/api.w.org\/{rel}","templated":true}]}}