{"id":2624,"date":"2018-08-11T17:47:33","date_gmt":"2018-08-11T17:47:33","guid":{"rendered":"http:\/\/mvc-stammheim.de\/?p=2624"},"modified":"2018-08-11T17:47:33","modified_gmt":"2018-08-11T17:47:33","slug":"kurzbesuch-oldtimertreffen-bad-liebenzell","status":"publish","type":"post","link":"https:\/\/mvc-stammheim.de\/?p=2624","title":{"rendered":"Kurzbesuch Oldtimertreffen Bad Liebenzell"},"content":{"rendered":"<p><img data-recalc-dims=\"1\" loading=\"lazy\" decoding=\"async\" src=\"https:\/\/i0.wp.com\/mvc-stammheim.de\/wp-content\/uploads\/2018\/08\/img-20180811-wa00442788400711144909112.jpg?resize=840%2C630&#038;ssl=1\" class=\"alignnone size-full wp-image-2623\" width=\"840\" height=\"630\" srcset=\"https:\/\/i0.wp.com\/mvc-stammheim.de\/wp-content\/uploads\/2018\/08\/img-20180811-wa00442788400711144909112.jpg?w=1600&amp;ssl=1 1600w, https:\/\/i0.wp.com\/mvc-stammheim.de\/wp-content\/uploads\/2018\/08\/img-20180811-wa00442788400711144909112.jpg?resize=300%2C225&amp;ssl=1 300w, https:\/\/i0.wp.com\/mvc-stammheim.de\/wp-content\/uploads\/2018\/08\/img-20180811-wa00442788400711144909112.jpg?resize=768%2C576&amp;ssl=1 768w, https:\/\/i0.wp.com\/mvc-stammheim.de\/wp-content\/uploads\/2018\/08\/img-20180811-wa00442788400711144909112.jpg?resize=1024%2C768&amp;ssl=1 1024w, https:\/\/i0.wp.com\/mvc-stammheim.de\/wp-content\/uploads\/2018\/08\/img-20180811-wa00442788400711144909112.jpg?resize=1200%2C900&amp;ssl=1 1200w\" sizes=\"auto, (max-width: 709px) 85vw, (max-width: 909px) 67vw, (max-width: 1362px) 62vw, 840px\" \/><\/p>\n<p>Bei bestem Wetter haben am 11.August einige Fahrer und Maschinen vom MVC am Oldtimertreffen in Bad Liebenzell teilgenommen. Dort waren \u00fcber 50 Autos vom Ford &#8211; T Modell ab zu bewundern. Ein Imperia Motorrad von 1930 und auch eine Vorkriegszeit BMW waren die \u00e4ltesten Motorr\u00e4der. Wir haben die kurze Anfahrt genossen und doch etliche Bekannte getroffen und auch viele Fragen beantwortet. Nat\u00fcrlich gab es auch Speis und Trank bevor es gemeinsam zur\u00fcck nach Stammheim ging.<\/p>\n","protected":false},"excerpt":{"rendered":"<p>Bei bestem Wetter haben am 11.August einige Fahrer und Maschinen vom MVC am Oldtimertreffen in Bad Liebenzell teilgenommen. Dort waren \u00fcber 50 Autos vom Ford &#8211; T Modell ab zu &hellip; <a href=\"https:\/\/mvc-stammheim.de\/?p=2624\" class=\"more-link\"><span class=\"screen-reader-text\">\u201eKurzbesuch Oldtimertreffen Bad Liebenzell\u201c<\/span> weiterlesen<\/a><\/p>\n","protected":false},"author":1,"featured_media":0,"comment_status":"open","ping_status":"closed","sticky":false,"template":"","format":"standard","meta":{"ngg_post_thumbnail":0,"_price":"","_stock":"","_tribe_ticket_header":"","_tribe_default_ticket_provider":"","_ticket_start_date":"","_ticket_end_date":"","_tribe_ticket_show_description":"","_tribe_ticket_show_not_going":false,"_tribe_ticket_use_global_stock":"","_tribe_ticket_global_stock_level":"","_global_stock_mode":"","_global_stock_cap":"","_tribe_rsvp_for_event":"","_tribe_ticket_going_count":"","_tribe_ticket_not_going_count":"","_tribe_tickets_list":"[]","_tribe_ticket_has_attendee_info_fields":false,"_jetpack_memberships_contains_paid_content":false,"footnotes":""},"categories":[1],"tags":[],"class_list":["post-2624","post","type-post","status-publish","format-standard","hentry","category-dies-das"],"jetpack_featured_media_url":"","jetpack_sharing_enabled":true,"_links":{"self":[{"href":"https:\/\/mvc-stammheim.de\/index.php?rest_route=\/wp\/v2\/posts\/2624","targetHints":{"allow":["GET"]}}],"collection":[{"href":"https:\/\/mvc-stammheim.de\/index.php?rest_route=\/wp\/v2\/posts"}],"about":[{"href":"https:\/\/mvc-stammheim.de\/index.php?rest_route=\/wp\/v2\/types\/post"}],"author":[{"embeddable":true,"href":"https:\/\/mvc-stammheim.de\/index.php?rest_route=\/wp\/v2\/users\/1"}],"replies":[{"embeddable":true,"href":"https:\/\/mvc-stammheim.de\/index.php?rest_route=%2Fwp%2Fv2%2Fcomments&post=2624"}],"version-history":[{"count":0,"href":"https:\/\/mvc-stammheim.de\/index.php?rest_route=\/wp\/v2\/posts\/2624\/revisions"}],"wp:attachment":[{"href":"https:\/\/mvc-stammheim.de\/index.php?rest_route=%2Fwp%2Fv2%2Fmedia&parent=2624"}],"wp:term":[{"taxonomy":"category","embeddable":true,"href":"https:\/\/mvc-stammheim.de\/index.php?rest_route=%2Fwp%2Fv2%2Fcategories&post=2624"},{"taxonomy":"post_tag","embeddable":true,"href":"https:\/\/mvc-stammheim.de\/index.php?rest_route=%2Fwp%2Fv2%2Ftags&post=2624"}],"curies":[{"name":"wp","href":"https:\/\/api.w.org\/{rel}","templated":true}]}}